{"id":443,"date":"2020-02-23T21:52:47","date_gmt":"2020-02-23T20:52:47","guid":{"rendered":"https:\/\/videomemorias.org\/?p=443"},"modified":"2020-02-24T21:00:10","modified_gmt":"2020-02-24T20:00:10","slug":"i-love-cheese","status":"publish","type":"post","link":"https:\/\/videomemorias.org\/es\/i-love-cheese\/","title":{"rendered":"I love cheese"},"content":{"rendered":"<p>Durante el primer verano de nuestra aventura suiza, visitamos las monta\u00f1as con amigos y nos fascin\u00f3 el paisaje, las caminatas, los chalets, las vacas, la fondue&#8230;<\/p>\n<p>Antes de venir a Suiza Miguel, Anto y Jos\u00e9 Mar\u00eda grabaron un \u00e1lbum con su banda, The Barbs, uno de cuyos temas se llamaba prof\u00e9ticamente \u00abI love cheese\u00bb. Estos parajes eran el lugar ideal para hacer un videoclip.<\/p>\n<p>The Barbs no produj\u00f3 ning\u00fan tema m\u00e1s desde entonces.<\/p>\n<p>Seis a\u00f1os despu\u00e9s, Miguel descubri\u00f3 su intolerancia a los productos l\u00e1cteos&#8230;<\/p>\n<p>&nbsp;<\/p>\n<p>Un enorme agradecimiento a la familia del chalet Alpage Le Creux en Les Paccots, por su maravillosas amabilidad y simpat\u00eda.<\/p>\n<p>&nbsp;<\/p>\n<p><iframe loading=\"lazy\" title=\"I Love Cheese\" src=\"https:\/\/player.vimeo.com\/video\/393288481?dnt=1&amp;app_id=122963\" width=\"480\" height=\"360\" frameborder=\"0\" allow=\"autoplay; fullscreen; picture-in-picture; clipboard-write\"><\/iframe><\/p>\n","protected":false},"excerpt":{"rendered":"<p>Durante el primer verano de nuestra aventura suiza, visitamos las monta\u00f1as con amigos y nos fascin\u00f3 el paisaje, las caminatas, los chalets, las vacas, la fondue&#8230; Antes de venir a Suiza Miguel, Anto y Jos\u00e9 Mar\u00eda grabaron un \u00e1lbum con su banda, The Barbs, uno de cuyos temas se llamaba prof\u00e9ticamente \u00abI love cheese\u00bb. Estos [&hellip;]<\/p>\n","protected":false},"author":1,"featured_media":445,"comment_status":"closed","ping_status":"closed","sticky":false,"template":"","format":"standard","meta":{"footnotes":""},"categories":[44,57],"tags":[],"class_list":["post-443","post","type-post","status-publish","format-standard","has-post-thumbnail","hentry","category-amigos","category-lausanne-es-2"],"_links":{"self":[{"href":"https:\/\/videomemorias.org\/es\/wp-json\/wp\/v2\/posts\/443","targetHints":{"allow":["GET"]}}],"collection":[{"href":"https:\/\/videomemorias.org\/es\/wp-json\/wp\/v2\/posts"}],"about":[{"href":"https:\/\/videomemorias.org\/es\/wp-json\/wp\/v2\/types\/post"}],"author":[{"embeddable":true,"href":"https:\/\/videomemorias.org\/es\/wp-json\/wp\/v2\/users\/1"}],"replies":[{"embeddable":true,"href":"https:\/\/videomemorias.org\/es\/wp-json\/wp\/v2\/comments?post=443"}],"version-history":[{"count":1,"href":"https:\/\/videomemorias.org\/es\/wp-json\/wp\/v2\/posts\/443\/revisions"}],"predecessor-version":[{"id":444,"href":"https:\/\/videomemorias.org\/es\/wp-json\/wp\/v2\/posts\/443\/revisions\/444"}],"wp:featuredmedia":[{"embeddable":true,"href":"https:\/\/videomemorias.org\/es\/wp-json\/wp\/v2\/media\/445"}],"wp:attachment":[{"href":"https:\/\/videomemorias.org\/es\/wp-json\/wp\/v2\/media?parent=443"}],"wp:term":[{"taxonomy":"category","embeddable":true,"href":"https:\/\/videomemorias.org\/es\/wp-json\/wp\/v2\/categories?post=443"},{"taxonomy":"post_tag","embeddable":true,"href":"https:\/\/videomemorias.org\/es\/wp-json\/wp\/v2\/tags?post=443"}],"curies":[{"name":"wp","href":"https:\/\/api.w.org\/{rel}","templated":true}]}}