{"id":349,"date":"2009-12-05T16:25:48","date_gmt":"2009-12-05T15:25:48","guid":{"rendered":"http:\/\/videomemorias.org\/?p=349"},"modified":"2020-02-24T20:52:13","modified_gmt":"2020-02-24T19:52:13","slug":"yo-no-se-bailar","status":"publish","type":"post","link":"https:\/\/videomemorias.org\/es\/yo-no-se-bailar\/","title":{"rendered":"Yo no s\u00e9 bailar"},"content":{"rendered":"<p>Despu\u00e9s de varios a\u00f1os bajo un sentimiento de culpabilidad debida a mi incapacidad de bailar, encontr\u00e9 al hombre de mi vida que compone y toca m\u00fasica. Me dijo una noche &#8211; Vamos a cantar!- pero tuvo que renunciar porque dijo que nunca hab\u00eda visto a nadie con tan poco ritmo como yo, y a\u00f1adi\u00f3 (y es ah\u00ed que se convirti\u00f3 en el hombre de vida): &#8211; Es un don extraordinario, poder estar siempre fuera de ritmo- pero a mi me gusta bailar, mejor dicho gesticular, me gustar\u00eda ser gesticuladora de profesi\u00f3n.<br \/>\nAqu\u00ed est\u00e1 el primer ensayo, realizado en una toma \u00fanica con m\u00fasica improvisada.<\/p>\n<p>&nbsp;<\/p>\n<p><iframe loading=\"lazy\" title=\"Yo no s\u00e9 bailar \/ Je ne sais pas danser\" src=\"https:\/\/player.vimeo.com\/video\/78640044?dnt=1&amp;app_id=122963\" width=\"480\" height=\"384\" frameborder=\"0\" allow=\"autoplay; fullscreen; picture-in-picture; clipboard-write\"><\/iframe><\/p>\n","protected":false},"excerpt":{"rendered":"<p>Despu\u00e9s de varios a\u00f1os bajo un sentimiento de culpabilidad debida a mi incapacidad de bailar, encontr\u00e9 al hombre de mi vida que compone y toca m\u00fasica. Me dijo una noche &#8211; Vamos a cantar!- pero tuvo que renunciar porque dijo que nunca hab\u00eda visto a nadie con tan poco ritmo como yo, y a\u00f1adi\u00f3 (y [&hellip;]<\/p>\n","protected":false},"author":1,"featured_media":353,"comment_status":"closed","ping_status":"closed","sticky":false,"template":"","format":"video","meta":{"footnotes":""},"categories":[55,57,36],"tags":[],"class_list":["post-349","post","type-post","status-publish","format-video","has-post-thumbnail","hentry","category-danza","category-lausanne-es-2","category-sin-categorizar","post_format-post-format-video"],"_links":{"self":[{"href":"https:\/\/videomemorias.org\/es\/wp-json\/wp\/v2\/posts\/349","targetHints":{"allow":["GET"]}}],"collection":[{"href":"https:\/\/videomemorias.org\/es\/wp-json\/wp\/v2\/posts"}],"about":[{"href":"https:\/\/videomemorias.org\/es\/wp-json\/wp\/v2\/types\/post"}],"author":[{"embeddable":true,"href":"https:\/\/videomemorias.org\/es\/wp-json\/wp\/v2\/users\/1"}],"replies":[{"embeddable":true,"href":"https:\/\/videomemorias.org\/es\/wp-json\/wp\/v2\/comments?post=349"}],"version-history":[{"count":1,"href":"https:\/\/videomemorias.org\/es\/wp-json\/wp\/v2\/posts\/349\/revisions"}],"predecessor-version":[{"id":354,"href":"https:\/\/videomemorias.org\/es\/wp-json\/wp\/v2\/posts\/349\/revisions\/354"}],"wp:featuredmedia":[{"embeddable":true,"href":"https:\/\/videomemorias.org\/es\/wp-json\/wp\/v2\/media\/353"}],"wp:attachment":[{"href":"https:\/\/videomemorias.org\/es\/wp-json\/wp\/v2\/media?parent=349"}],"wp:term":[{"taxonomy":"category","embeddable":true,"href":"https:\/\/videomemorias.org\/es\/wp-json\/wp\/v2\/categories?post=349"},{"taxonomy":"post_tag","embeddable":true,"href":"https:\/\/videomemorias.org\/es\/wp-json\/wp\/v2\/tags?post=349"}],"curies":[{"name":"wp","href":"https:\/\/api.w.org\/{rel}","templated":true}]}}