{"id":348,"date":"2009-12-22T16:25:38","date_gmt":"2009-12-22T15:25:38","guid":{"rendered":"http:\/\/videomemorias.org\/?p=348"},"modified":"2020-02-24T20:52:08","modified_gmt":"2020-02-24T19:52:08","slug":"navidades-en-lausanne","status":"publish","type":"post","link":"https:\/\/videomemorias.org\/es\/navidades-en-lausanne\/","title":{"rendered":"Navidades en Lausanne"},"content":{"rendered":"<p>Es Navidad. Hemos visto la mayor nevada de nuestra vida. Nuestro primer invierno en Lausanne. Queremos compartir los sentimientos que nos recorren. Los del exterior, y los del interior. Nuestro interior y nuestro exterior.<br \/>\nY para celebrarlo, cantamos y bailamos. Hemos experimentado por primera vez la danza contempor\u00e1nea.<\/p>\n<p>&nbsp;<\/p>\n<p><iframe loading=\"lazy\" title=\"Navidades en Lausanne \/ F\u00eates de No\u00ebl \u00e0 Lausanne\" src=\"https:\/\/player.vimeo.com\/video\/78640046?dnt=1&amp;app_id=122963\" width=\"480\" height=\"384\" frameborder=\"0\" allow=\"autoplay; fullscreen; picture-in-picture; clipboard-write\"><\/iframe><\/p>\n","protected":false},"excerpt":{"rendered":"<p>Es Navidad. Hemos visto la mayor nevada de nuestra vida. Nuestro primer invierno en Lausanne. Queremos compartir los sentimientos que nos recorren. Los del exterior, y los del interior. Nuestro interior y nuestro exterior. Y para celebrarlo, cantamos y bailamos. Hemos experimentado por primera vez la danza contempor\u00e1nea. &nbsp;<\/p>\n","protected":false},"author":1,"featured_media":351,"comment_status":"closed","ping_status":"closed","sticky":false,"template":"","format":"video","meta":{"footnotes":""},"categories":[57,54],"tags":[],"class_list":["post-348","post","type-post","status-publish","format-video","has-post-thumbnail","hentry","category-lausanne-es-2","category-navidad-es","post_format-post-format-video"],"_links":{"self":[{"href":"https:\/\/videomemorias.org\/es\/wp-json\/wp\/v2\/posts\/348","targetHints":{"allow":["GET"]}}],"collection":[{"href":"https:\/\/videomemorias.org\/es\/wp-json\/wp\/v2\/posts"}],"about":[{"href":"https:\/\/videomemorias.org\/es\/wp-json\/wp\/v2\/types\/post"}],"author":[{"embeddable":true,"href":"https:\/\/videomemorias.org\/es\/wp-json\/wp\/v2\/users\/1"}],"replies":[{"embeddable":true,"href":"https:\/\/videomemorias.org\/es\/wp-json\/wp\/v2\/comments?post=348"}],"version-history":[{"count":1,"href":"https:\/\/videomemorias.org\/es\/wp-json\/wp\/v2\/posts\/348\/revisions"}],"predecessor-version":[{"id":352,"href":"https:\/\/videomemorias.org\/es\/wp-json\/wp\/v2\/posts\/348\/revisions\/352"}],"wp:featuredmedia":[{"embeddable":true,"href":"https:\/\/videomemorias.org\/es\/wp-json\/wp\/v2\/media\/351"}],"wp:attachment":[{"href":"https:\/\/videomemorias.org\/es\/wp-json\/wp\/v2\/media?parent=348"}],"wp:term":[{"taxonomy":"category","embeddable":true,"href":"https:\/\/videomemorias.org\/es\/wp-json\/wp\/v2\/categories?post=348"},{"taxonomy":"post_tag","embeddable":true,"href":"https:\/\/videomemorias.org\/es\/wp-json\/wp\/v2\/tags?post=348"}],"curies":[{"name":"wp","href":"https:\/\/api.w.org\/{rel}","templated":true}]}}