{"id":336,"date":"2010-02-01T16:23:42","date_gmt":"2010-02-01T15:23:42","guid":{"rendered":"http:\/\/videomemorias.org\/?p=336"},"modified":"2020-02-24T20:51:59","modified_gmt":"2020-02-24T19:51:59","slug":"filosofia","status":"publish","type":"post","link":"https:\/\/videomemorias.org\/es\/filosofia\/","title":{"rendered":"Filosof\u00eda"},"content":{"rendered":"<p>A principios de 2008 el ministerio de educaci\u00f3n propuso una reducci\u00f3n de horas de filosof\u00eda en la ense\u00f1anza secundaria. No lo encontraban \u00abpr\u00e1ctico\u00bb. Nosotros pensamos que la filosof\u00eda es importante, como es importante mantener cierto contenido te\u00f3rico en la ense\u00f1anza para que no se convierta en una f\u00e1brica de cabezas cuadradas. Unos amigos nos propusieron realizar un corto en defensa de la filosof\u00eda y este fue el resultado. Evidentemente este trabajo forma parte de nuestra memoria, no s\u00f3lo como recuerdo sino como parte de nosotros mismos.<\/p>\n<p><iframe loading=\"lazy\" title=\"Filosof\u00eda \/ Philosopie\" src=\"https:\/\/player.vimeo.com\/video\/78637372?dnt=1&amp;app_id=122963\" width=\"480\" height=\"384\" frameborder=\"0\" allow=\"autoplay; fullscreen; picture-in-picture; clipboard-write\"><\/iframe><\/p>\n","protected":false},"excerpt":{"rendered":"<p>A principios de 2008 el ministerio de educaci\u00f3n propuso una reducci\u00f3n de horas de filosof\u00eda en la ense\u00f1anza secundaria. No lo encontraban \u00abpr\u00e1ctico\u00bb. Nosotros pensamos que la filosof\u00eda es importante, como es importante mantener cierto contenido te\u00f3rico en la ense\u00f1anza para que no se convierta en una f\u00e1brica de cabezas cuadradas. Unos amigos nos propusieron [&hellip;]<\/p>\n","protected":false},"author":1,"featured_media":341,"comment_status":"closed","ping_status":"closed","sticky":false,"template":"","format":"video","meta":{"footnotes":""},"categories":[48,36],"tags":[],"class_list":["post-336","post","type-post","status-publish","format-video","has-post-thumbnail","hentry","category-animacion","category-sin-categorizar","post_format-post-format-video"],"_links":{"self":[{"href":"https:\/\/videomemorias.org\/es\/wp-json\/wp\/v2\/posts\/336","targetHints":{"allow":["GET"]}}],"collection":[{"href":"https:\/\/videomemorias.org\/es\/wp-json\/wp\/v2\/posts"}],"about":[{"href":"https:\/\/videomemorias.org\/es\/wp-json\/wp\/v2\/types\/post"}],"author":[{"embeddable":true,"href":"https:\/\/videomemorias.org\/es\/wp-json\/wp\/v2\/users\/1"}],"replies":[{"embeddable":true,"href":"https:\/\/videomemorias.org\/es\/wp-json\/wp\/v2\/comments?post=336"}],"version-history":[{"count":2,"href":"https:\/\/videomemorias.org\/es\/wp-json\/wp\/v2\/posts\/336\/revisions"}],"predecessor-version":[{"id":347,"href":"https:\/\/videomemorias.org\/es\/wp-json\/wp\/v2\/posts\/336\/revisions\/347"}],"wp:featuredmedia":[{"embeddable":true,"href":"https:\/\/videomemorias.org\/es\/wp-json\/wp\/v2\/media\/341"}],"wp:attachment":[{"href":"https:\/\/videomemorias.org\/es\/wp-json\/wp\/v2\/media?parent=336"}],"wp:term":[{"taxonomy":"category","embeddable":true,"href":"https:\/\/videomemorias.org\/es\/wp-json\/wp\/v2\/categories?post=336"},{"taxonomy":"post_tag","embeddable":true,"href":"https:\/\/videomemorias.org\/es\/wp-json\/wp\/v2\/tags?post=336"}],"curies":[{"name":"wp","href":"https:\/\/api.w.org\/{rel}","templated":true}]}}