{"id":240,"date":"2015-11-29T15:10:59","date_gmt":"2015-11-29T14:10:59","guid":{"rendered":"http:\/\/videomemorias.org\/?p=240"},"modified":"2018-11-25T18:17:05","modified_gmt":"2018-11-25T17:17:05","slug":"perspectives","status":"publish","type":"post","link":"https:\/\/videomemorias.org\/es\/perspectives\/","title":{"rendered":"Perspectives"},"content":{"rendered":"<p>Dos viajes al centro de la amistad que no conocen ni los meandros del tiempo ni los abismos del espacio. Dos experiencias que coexisten dentro de nosotros a pesar de su aparente oposici\u00f3n. Y como la m\u00fasica est\u00e1 \u00edntimamente ligada a nuestra percepci\u00f3n y a nuestros sentimientos.<\/p>\n<p>&nbsp;<\/p>\n<p><iframe loading=\"lazy\" title=\"Perspectives\" src=\"https:\/\/player.vimeo.com\/video\/147253408?dnt=1&amp;app_id=122963\" width=\"630\" height=\"354\" frameborder=\"0\" allow=\"autoplay; fullscreen; picture-in-picture; clipboard-write\"><\/iframe><\/p>\n","protected":false},"excerpt":{"rendered":"<p>Dos viajes al centro de la amistad que no conocen ni los meandros del tiempo ni los abismos del espacio. Dos experiencias que coexisten dentro de nosotros a pesar de su aparente oposici\u00f3n. Y como la m\u00fasica est\u00e1 \u00edntimamente ligada a nuestra percepci\u00f3n y a nuestros sentimientos. &nbsp;<\/p>\n","protected":false},"author":1,"featured_media":243,"comment_status":"closed","ping_status":"closed","sticky":false,"template":"","format":"video","meta":{"footnotes":""},"categories":[44,51],"tags":[],"class_list":["post-240","post","type-post","status-publish","format-video","has-post-thumbnail","hentry","category-amigos","category-experimental-es","post_format-post-format-video"],"_links":{"self":[{"href":"https:\/\/videomemorias.org\/es\/wp-json\/wp\/v2\/posts\/240","targetHints":{"allow":["GET"]}}],"collection":[{"href":"https:\/\/videomemorias.org\/es\/wp-json\/wp\/v2\/posts"}],"about":[{"href":"https:\/\/videomemorias.org\/es\/wp-json\/wp\/v2\/types\/post"}],"author":[{"embeddable":true,"href":"https:\/\/videomemorias.org\/es\/wp-json\/wp\/v2\/users\/1"}],"replies":[{"embeddable":true,"href":"https:\/\/videomemorias.org\/es\/wp-json\/wp\/v2\/comments?post=240"}],"version-history":[{"count":2,"href":"https:\/\/videomemorias.org\/es\/wp-json\/wp\/v2\/posts\/240\/revisions"}],"predecessor-version":[{"id":242,"href":"https:\/\/videomemorias.org\/es\/wp-json\/wp\/v2\/posts\/240\/revisions\/242"}],"wp:featuredmedia":[{"embeddable":true,"href":"https:\/\/videomemorias.org\/es\/wp-json\/wp\/v2\/media\/243"}],"wp:attachment":[{"href":"https:\/\/videomemorias.org\/es\/wp-json\/wp\/v2\/media?parent=240"}],"wp:term":[{"taxonomy":"category","embeddable":true,"href":"https:\/\/videomemorias.org\/es\/wp-json\/wp\/v2\/categories?post=240"},{"taxonomy":"post_tag","embeddable":true,"href":"https:\/\/videomemorias.org\/es\/wp-json\/wp\/v2\/tags?post=240"}],"curies":[{"name":"wp","href":"https:\/\/api.w.org\/{rel}","templated":true}]}}